{"id":16363,"date":"2017-08-24T11:13:05","date_gmt":"2017-08-24T09:13:05","guid":{"rendered":"https:\/\/www.enemalta.com.mt\/uncategorized-mt\/konsultazzjoni-pubblika-dwar-charter-gdid-ghall-klijenti-ta-enemalta\/"},"modified":"2021-11-25T14:25:59","modified_gmt":"2021-11-25T13:25:59","slug":"konsultazzjoni-pubblika-dwar-charter-gdid-ghall-klijenti-ta-enemalta","status":"publish","type":"post","link":"https:\/\/www.enemalta.com.mt\/mt\/2017\/08\/24\/konsultazzjoni-pubblika-dwar-charter-gdid-ghall-klijenti-ta-enemalta\/","title":{"rendered":"Konsultazzjoni pubblika dwar Charter \u0121did g\u0127all-klijenti ta\u2019 Enemalta"},"content":{"rendered":"<div class=\"fusion-fullwidth fullwidth-box fusion-builder-row-1 nonhundred-percent-fullwidth non-hundred-percent-height-scrolling\" style=\"--awb-border-radius-top-left:0px;--awb-border-radius-top-right:0px;--awb-border-radius-bottom-right:0px;--awb-border-radius-bottom-left:0px;--awb-flex-wrap:wrap;\" ><div class=\"fusion-builder-row fusion-row\"><div class=\"fusion-layout-column fusion_builder_column fusion-builder-column-0 fusion_builder_column_1_1 1_1 fusion-one-full fusion-column-first fusion-column-last\" style=\"--awb-bg-size:cover;--awb-margin-bottom:0px;\"><div class=\"fusion-column-wrapper fusion-flex-column-wrapper-legacy\"><div class=\"fusion-text fusion-text-1\"><h4 style=\"text-align: center; font-size: 33px; line-height: 50px;\">Konsultazzjoni pubblika dwar Charter \u0121did g\u0127all-klijenti ta\u2019 Enemalta<\/h4>\n<p style=\"text-align: right;\">24.08.2017<\/p>\n<\/div><div class=\"fusion-text fusion-text-2\"><p>Enemalta plc qed tistieden lill-klijenti u l-impjegati tag\u0127ha jag\u0127tu s-su\u0121\u0121erimenti tag\u0127hom dwar il-customer charter \u0121did li nediet f\u2019dawn l-a\u0127\u0127ar jiem b\u0127ala abbozz g\u0127all-konsultazzjoni qabel ji\u0121i kkonfermat aktar tard din is-sena.<\/p>\n<p>Dan id-dokument ta\u2019 40 pa\u0121na jispjega t-termini u l-kundizzjonijiet tas-servizzi tal-elettriku tal-Kumpanija, fosthom l-impenji u r-responsabbilitajiet ta\u2019 Enemalta lejn il-klijenti tag\u0127ha, u l-obbligi rispettivi tag\u0127hom.<\/p>\n<p>I\u010b-charter \u0121did ta\u2019 Enemalta jiffoka fuq l-impenji tal-Kumpanija, fosthom il-livelli tekni\u010bi li s-servizzi tal-elettriku g\u0127andhom jil\u0127qu, il-\u0127in massimu li l-klijenti g\u0127andhom jistennew sabiex jing\u0127ataw servizzi \u0121odda u l-i\u017cvilupp ta\u2019 kapa\u010bit\u00e0 u flessibilit\u00e0 xierqa sabiex tilqa\u2019 g\u0127ad-domanda tal-elettriku tal-klijenti waqt li tnaqqas ir-riskju ta\u2019 qtug\u0127 tal-provvista. Dan id-dokument jis\u0127aq ukoll dwar ir-rabta tal-Kumpanija li t\u0127ares il-kunfidenzjalit\u00e0 tad-dettalji tal-klijenti, kif ukoll li tindokra l-ambjent ta\u2019 madwarna.<\/p>\n<p>Kapitlu importanti ie\u0127or ta\u2019 dan id-dokument fih lista tal-obbligi tal-klijenti meta ju\u017caw is-servizzi tal-elettriku ta\u2019 Enemalta. Fost o\u0127rajn, il-klijenti mistennija jaraw li jkollhom \u010birkwiti tal-elettriku interni ming\u0127ajr perikli u mi\u017cmumin dejjem fi stat tajjeb, ji\u017cguraw li j\u017commu s-servizzi ta\u2019 Enemalta \u0127ielsa minn kull irregolarit\u00e0 \u2013 b\u0127as-serq tal-elettriku jew tbag\u0127bis ta\u2019 apparat relatat &#8211; u li jirrapurtaw kull diffikult\u00e0 li jkollhom mill-aktar fis.<\/p>\n<p>Id-dokument jag\u0127ti wkoll dettalji dwar kif jitkejjel il-konsum tal-elettriku u dwar il-pro\u010beduri tal-kontijiet u \u0127lasijiet. Jispjega wkoll l-appo\u0121\u0121 li Enemalta tag\u0127ti lill-klijenti meta jiltaqg\u0127u ma\u2019 xi diffikult\u00e0 fis-servizzi tal-elettriku tag\u0127hom.<\/p>\n<p>In\u0121. Fredrick Azzopardi, Executive Chairman ta\u2019 Enemalta plc, jispjega li ftit snin ilu l-Kumpanija nediet investiment kontinwu sabiex dejjem ittejjeb l-operat tag\u0127ha, biex il-klijenti jkollhom servizzi aktar affidabbli u biex tissa\u0127\u0127a\u0127 il-kwalit\u00e0 tal-appo\u0121\u0121 tekniku u amministrattiv li jir\u010bievu. \u201cB\u0127ala parti minn din il-\u0127idma sabiex intejbu l-esperjenza tal-klijenti tag\u0127na, investejna l-miljuni fi pro\u0121etti ta\u2019 tis\u0127i\u0127 tas-sistema tad-distribuzzjoni, \u017cidna l-effi\u010bjenza fl-g\u0127oti tas-servizzi tag\u0127na u \u017cviluppajna timijiet ta\u2019 tekni\u010bi \u0121odda sabiex iwie\u0121bu g\u0127at-talbiet ta\u2019 g\u0127ajnuna teknika mill-klijenti mill-aktar fis possibli, 24 sieg\u0127a kuljum, mit-Tnejn sal-\u0126add.\u201d<\/p>\n<p>\u201cB\u2019ri\u017cultat ta\u2019 din il-\u0127idma, naqqasna \u017c-\u017cmien ta\u2019 stennija sabiex ting\u0127ata servizz \u0121did, kif ukoll il-frekwenza u t-tul ta\u2019 diffikultajiet li jwasslu g\u0127all-qtug\u0127 fil-provvista b\u2019aktar minn 60 fil-mija f\u2019inqas minn erba\u2019 snin. Dan i\u010b-charter jikkonferma l-impenn tag\u0127na li nkomplu din il-\u0127idma ta\u2019 titjib kontinwu tas-servizzi tag\u0127na,\u201d jistqarr l-In\u0121. Azzopardi.<\/p>\n<p style=\"text-align: center;\"><img decoding=\"async\" class=\"aligncenter size-large wp-image-12900\" src=\"https:\/\/www.enemalta.com.mt\/wp-content\/uploads\/2017\/08\/20170827-enemaltapr_CharterConsult_2-1024x576.jpg\" alt=\"\" width=\"1024\" height=\"576\"><\/p>\n<p>&nbsp;<\/p>\n<p>&nbsp;<\/p>\n<\/div><div class=\"fusion-clearfix\"><\/div><\/div><\/div><\/div><\/div>\n","protected":false},"excerpt":{"rendered":"","protected":false},"author":3,"featured_media":17761,"comment_status":"open","ping_status":"open","sticky":false,"template":"","format":"standard","meta":{"_monsterinsights_skip_tracking":false,"_monsterinsights_sitenote_active":false,"_monsterinsights_sitenote_note":"","_monsterinsights_sitenote_category":0,"ngg_post_thumbnail":0,"footnotes":""},"categories":[133,132],"tags":[],"class_list":["post-16363","post","type-post","status-publish","format-standard","has-post-thumbnail","hentry","category-home-page-news-mt","category-news-mt"],"yoast_head":"<!-- This site is optimized with the Yoast SEO plugin v26.7 - https:\/\/yoast.com\/wordpress\/plugins\/seo\/ -->\n<title>Konsultazzjoni pubblika dwar Charter \u0121did g\u0127all-klijenti ta\u2019 Enemalta - Enemalta<\/title>\n<meta name=\"robots\" content=\"index, follow, max-snippet:-1, max-image-preview:large, max-video-preview:-1\" \/>\n<link rel=\"canonical\" href=\"https:\/\/www.enemalta.com.mt\/mt\/2017\/08\/24\/konsultazzjoni-pubblika-dwar-charter-gdid-ghall-klijenti-ta-enemalta\/\" \/>\n<meta property=\"og:locale\" content=\"mt_MT\" \/>\n<meta property=\"og:type\" content=\"article\" \/>\n<meta property=\"og:title\" content=\"Konsultazzjoni pubblika dwar Charter \u0121did g\u0127all-klijenti ta\u2019 Enemalta - Enemalta\" \/>\n<meta property=\"og:url\" content=\"https:\/\/www.enemalta.com.mt\/mt\/2017\/08\/24\/konsultazzjoni-pubblika-dwar-charter-gdid-ghall-klijenti-ta-enemalta\/\" \/>\n<meta property=\"og:site_name\" content=\"Enemalta\" \/>\n<meta property=\"article:published_time\" content=\"2017-08-24T09:13:05+00:00\" \/>\n<meta property=\"article:modified_time\" content=\"2021-11-25T13:25:59+00:00\" \/>\n<meta property=\"og:image\" content=\"https:\/\/www.enemalta.com.mt\/wp-content\/uploads\/2019\/07\/LOGO_Website.jpg\" \/>\n\t<meta property=\"og:image:width\" content=\"1023\" \/>\n\t<meta property=\"og:image:height\" content=\"574\" \/>\n\t<meta property=\"og:image:type\" content=\"image\/jpeg\" \/>\n<meta name=\"author\" content=\"Lorraine Gravino\" \/>\n<meta name=\"twitter:card\" content=\"summary_large_image\" \/>\n<meta name=\"twitter:label1\" content=\"Written by\" \/>\n\t<meta name=\"twitter:data1\" content=\"Lorraine Gravino\" \/>\n\t<meta name=\"twitter:label2\" content=\"Est. reading time\" \/>\n\t<meta name=\"twitter:data2\" content=\"3 minutes\" \/>\n<script type=\"application\/ld+json\" class=\"yoast-schema-graph\">{\"@context\":\"https:\/\/schema.org\",\"@graph\":[{\"@type\":\"Article\",\"@id\":\"https:\/\/www.enemalta.com.mt\/mt\/2017\/08\/24\/konsultazzjoni-pubblika-dwar-charter-gdid-ghall-klijenti-ta-enemalta\/#article\",\"isPartOf\":{\"@id\":\"https:\/\/www.enemalta.com.mt\/mt\/2017\/08\/24\/konsultazzjoni-pubblika-dwar-charter-gdid-ghall-klijenti-ta-enemalta\/\"},\"author\":{\"name\":\"Lorraine Gravino\",\"@id\":\"https:\/\/enemalta.com.mt\/#\/schema\/person\/8faf24aafbeff13465053c6047a53217\"},\"headline\":\"Konsultazzjoni pubblika dwar Charter \u0121did g\u0127all-klijenti ta\u2019 Enemalta\",\"datePublished\":\"2017-08-24T09:13:05+00:00\",\"dateModified\":\"2021-11-25T13:25:59+00:00\",\"mainEntityOfPage\":{\"@id\":\"https:\/\/www.enemalta.com.mt\/mt\/2017\/08\/24\/konsultazzjoni-pubblika-dwar-charter-gdid-ghall-klijenti-ta-enemalta\/\"},\"wordCount\":587,\"commentCount\":0,\"image\":{\"@id\":\"https:\/\/www.enemalta.com.mt\/mt\/2017\/08\/24\/konsultazzjoni-pubblika-dwar-charter-gdid-ghall-klijenti-ta-enemalta\/#primaryimage\"},\"thumbnailUrl\":\"\/wp-content\/uploads\/2019\/07\/LOGO_Website.jpg\",\"articleSection\":[\"Home Page News\",\"News\"],\"inLanguage\":\"mt-MT\",\"potentialAction\":[{\"@type\":\"CommentAction\",\"name\":\"Comment\",\"target\":[\"https:\/\/www.enemalta.com.mt\/mt\/2017\/08\/24\/konsultazzjoni-pubblika-dwar-charter-gdid-ghall-klijenti-ta-enemalta\/#respond\"]}]},{\"@type\":\"WebPage\",\"@id\":\"https:\/\/www.enemalta.com.mt\/mt\/2017\/08\/24\/konsultazzjoni-pubblika-dwar-charter-gdid-ghall-klijenti-ta-enemalta\/\",\"url\":\"https:\/\/www.enemalta.com.mt\/mt\/2017\/08\/24\/konsultazzjoni-pubblika-dwar-charter-gdid-ghall-klijenti-ta-enemalta\/\",\"name\":\"Konsultazzjoni pubblika dwar Charter \u0121did g\u0127all-klijenti ta\u2019 Enemalta - Enemalta\",\"isPartOf\":{\"@id\":\"https:\/\/enemalta.com.mt\/#website\"},\"primaryImageOfPage\":{\"@id\":\"https:\/\/www.enemalta.com.mt\/mt\/2017\/08\/24\/konsultazzjoni-pubblika-dwar-charter-gdid-ghall-klijenti-ta-enemalta\/#primaryimage\"},\"image\":{\"@id\":\"https:\/\/www.enemalta.com.mt\/mt\/2017\/08\/24\/konsultazzjoni-pubblika-dwar-charter-gdid-ghall-klijenti-ta-enemalta\/#primaryimage\"},\"thumbnailUrl\":\"\/wp-content\/uploads\/2019\/07\/LOGO_Website.jpg\",\"datePublished\":\"2017-08-24T09:13:05+00:00\",\"dateModified\":\"2021-11-25T13:25:59+00:00\",\"author\":{\"@id\":\"https:\/\/enemalta.com.mt\/#\/schema\/person\/8faf24aafbeff13465053c6047a53217\"},\"breadcrumb\":{\"@id\":\"https:\/\/www.enemalta.com.mt\/mt\/2017\/08\/24\/konsultazzjoni-pubblika-dwar-charter-gdid-ghall-klijenti-ta-enemalta\/#breadcrumb\"},\"inLanguage\":\"mt-MT\",\"potentialAction\":[{\"@type\":\"ReadAction\",\"target\":[\"https:\/\/www.enemalta.com.mt\/mt\/2017\/08\/24\/konsultazzjoni-pubblika-dwar-charter-gdid-ghall-klijenti-ta-enemalta\/\"]}]},{\"@type\":\"ImageObject\",\"inLanguage\":\"mt-MT\",\"@id\":\"https:\/\/www.enemalta.com.mt\/mt\/2017\/08\/24\/konsultazzjoni-pubblika-dwar-charter-gdid-ghall-klijenti-ta-enemalta\/#primaryimage\",\"url\":\"\/wp-content\/uploads\/2019\/07\/LOGO_Website.jpg\",\"contentUrl\":\"\/wp-content\/uploads\/2019\/07\/LOGO_Website.jpg\",\"width\":1023,\"height\":574},{\"@type\":\"BreadcrumbList\",\"@id\":\"https:\/\/www.enemalta.com.mt\/mt\/2017\/08\/24\/konsultazzjoni-pubblika-dwar-charter-gdid-ghall-klijenti-ta-enemalta\/#breadcrumb\",\"itemListElement\":[{\"@type\":\"ListItem\",\"position\":1,\"name\":\"Home\",\"item\":\"https:\/\/www.enemalta.com.mt\/mt\/\"},{\"@type\":\"ListItem\",\"position\":2,\"name\":\"Konsultazzjoni pubblika dwar Charter \u0121did g\u0127all-klijenti ta\u2019 Enemalta\"}]},{\"@type\":\"WebSite\",\"@id\":\"https:\/\/enemalta.com.mt\/#website\",\"url\":\"https:\/\/enemalta.com.mt\/\",\"name\":\"Enemalta\",\"description\":\"\",\"potentialAction\":[{\"@type\":\"SearchAction\",\"target\":{\"@type\":\"EntryPoint\",\"urlTemplate\":\"https:\/\/enemalta.com.mt\/?s={search_term_string}\"},\"query-input\":{\"@type\":\"PropertyValueSpecification\",\"valueRequired\":true,\"valueName\":\"search_term_string\"}}],\"inLanguage\":\"mt-MT\"},{\"@type\":\"Person\",\"@id\":\"https:\/\/enemalta.com.mt\/#\/schema\/person\/8faf24aafbeff13465053c6047a53217\",\"name\":\"Lorraine Gravino\",\"image\":{\"@type\":\"ImageObject\",\"inLanguage\":\"mt-MT\",\"@id\":\"https:\/\/enemalta.com.mt\/#\/schema\/person\/image\/\",\"url\":\"https:\/\/secure.gravatar.com\/avatar\/e3c4b8612154a970bcb219575336445386d613de0a8268018d7b8b837a0db10c?s=96&d=mm&r=g\",\"contentUrl\":\"https:\/\/secure.gravatar.com\/avatar\/e3c4b8612154a970bcb219575336445386d613de0a8268018d7b8b837a0db10c?s=96&d=mm&r=g\",\"caption\":\"Lorraine Gravino\"},\"url\":\"https:\/\/www.enemalta.com.mt\/mt\/author\/lorrainegravino\/\"}]}<\/script>\n<!-- \/ Yoast SEO plugin. -->","yoast_head_json":{"title":"Konsultazzjoni pubblika dwar Charter \u0121did g\u0127all-klijenti ta\u2019 Enemalta - Enemalta","robots":{"index":"index","follow":"follow","max-snippet":"max-snippet:-1","max-image-preview":"max-image-preview:large","max-video-preview":"max-video-preview:-1"},"canonical":"https:\/\/www.enemalta.com.mt\/mt\/2017\/08\/24\/konsultazzjoni-pubblika-dwar-charter-gdid-ghall-klijenti-ta-enemalta\/","og_locale":"mt_MT","og_type":"article","og_title":"Konsultazzjoni pubblika dwar Charter \u0121did g\u0127all-klijenti ta\u2019 Enemalta - Enemalta","og_url":"https:\/\/www.enemalta.com.mt\/mt\/2017\/08\/24\/konsultazzjoni-pubblika-dwar-charter-gdid-ghall-klijenti-ta-enemalta\/","og_site_name":"Enemalta","article_published_time":"2017-08-24T09:13:05+00:00","article_modified_time":"2021-11-25T13:25:59+00:00","og_image":[{"width":1023,"height":574,"url":"https:\/\/www.enemalta.com.mt\/wp-content\/uploads\/2019\/07\/LOGO_Website.jpg","type":"image\/jpeg"}],"author":"Lorraine Gravino","twitter_card":"summary_large_image","twitter_misc":{"Written by":"Lorraine Gravino","Est. reading time":"3 minutes"},"schema":{"@context":"https:\/\/schema.org","@graph":[{"@type":"Article","@id":"https:\/\/www.enemalta.com.mt\/mt\/2017\/08\/24\/konsultazzjoni-pubblika-dwar-charter-gdid-ghall-klijenti-ta-enemalta\/#article","isPartOf":{"@id":"https:\/\/www.enemalta.com.mt\/mt\/2017\/08\/24\/konsultazzjoni-pubblika-dwar-charter-gdid-ghall-klijenti-ta-enemalta\/"},"author":{"name":"Lorraine Gravino","@id":"https:\/\/enemalta.com.mt\/#\/schema\/person\/8faf24aafbeff13465053c6047a53217"},"headline":"Konsultazzjoni pubblika dwar Charter \u0121did g\u0127all-klijenti ta\u2019 Enemalta","datePublished":"2017-08-24T09:13:05+00:00","dateModified":"2021-11-25T13:25:59+00:00","mainEntityOfPage":{"@id":"https:\/\/www.enemalta.com.mt\/mt\/2017\/08\/24\/konsultazzjoni-pubblika-dwar-charter-gdid-ghall-klijenti-ta-enemalta\/"},"wordCount":587,"commentCount":0,"image":{"@id":"https:\/\/www.enemalta.com.mt\/mt\/2017\/08\/24\/konsultazzjoni-pubblika-dwar-charter-gdid-ghall-klijenti-ta-enemalta\/#primaryimage"},"thumbnailUrl":"\/wp-content\/uploads\/2019\/07\/LOGO_Website.jpg","articleSection":["Home Page News","News"],"inLanguage":"mt-MT","potentialAction":[{"@type":"CommentAction","name":"Comment","target":["https:\/\/www.enemalta.com.mt\/mt\/2017\/08\/24\/konsultazzjoni-pubblika-dwar-charter-gdid-ghall-klijenti-ta-enemalta\/#respond"]}]},{"@type":"WebPage","@id":"https:\/\/www.enemalta.com.mt\/mt\/2017\/08\/24\/konsultazzjoni-pubblika-dwar-charter-gdid-ghall-klijenti-ta-enemalta\/","url":"https:\/\/www.enemalta.com.mt\/mt\/2017\/08\/24\/konsultazzjoni-pubblika-dwar-charter-gdid-ghall-klijenti-ta-enemalta\/","name":"Konsultazzjoni pubblika dwar Charter \u0121did g\u0127all-klijenti ta\u2019 Enemalta - Enemalta","isPartOf":{"@id":"https:\/\/enemalta.com.mt\/#website"},"primaryImageOfPage":{"@id":"https:\/\/www.enemalta.com.mt\/mt\/2017\/08\/24\/konsultazzjoni-pubblika-dwar-charter-gdid-ghall-klijenti-ta-enemalta\/#primaryimage"},"image":{"@id":"https:\/\/www.enemalta.com.mt\/mt\/2017\/08\/24\/konsultazzjoni-pubblika-dwar-charter-gdid-ghall-klijenti-ta-enemalta\/#primaryimage"},"thumbnailUrl":"\/wp-content\/uploads\/2019\/07\/LOGO_Website.jpg","datePublished":"2017-08-24T09:13:05+00:00","dateModified":"2021-11-25T13:25:59+00:00","author":{"@id":"https:\/\/enemalta.com.mt\/#\/schema\/person\/8faf24aafbeff13465053c6047a53217"},"breadcrumb":{"@id":"https:\/\/www.enemalta.com.mt\/mt\/2017\/08\/24\/konsultazzjoni-pubblika-dwar-charter-gdid-ghall-klijenti-ta-enemalta\/#breadcrumb"},"inLanguage":"mt-MT","potentialAction":[{"@type":"ReadAction","target":["https:\/\/www.enemalta.com.mt\/mt\/2017\/08\/24\/konsultazzjoni-pubblika-dwar-charter-gdid-ghall-klijenti-ta-enemalta\/"]}]},{"@type":"ImageObject","inLanguage":"mt-MT","@id":"https:\/\/www.enemalta.com.mt\/mt\/2017\/08\/24\/konsultazzjoni-pubblika-dwar-charter-gdid-ghall-klijenti-ta-enemalta\/#primaryimage","url":"\/wp-content\/uploads\/2019\/07\/LOGO_Website.jpg","contentUrl":"\/wp-content\/uploads\/2019\/07\/LOGO_Website.jpg","width":1023,"height":574},{"@type":"BreadcrumbList","@id":"https:\/\/www.enemalta.com.mt\/mt\/2017\/08\/24\/konsultazzjoni-pubblika-dwar-charter-gdid-ghall-klijenti-ta-enemalta\/#breadcrumb","itemListElement":[{"@type":"ListItem","position":1,"name":"Home","item":"https:\/\/www.enemalta.com.mt\/mt\/"},{"@type":"ListItem","position":2,"name":"Konsultazzjoni pubblika dwar Charter \u0121did g\u0127all-klijenti ta\u2019 Enemalta"}]},{"@type":"WebSite","@id":"https:\/\/enemalta.com.mt\/#website","url":"https:\/\/enemalta.com.mt\/","name":"Enemalta","description":"","potentialAction":[{"@type":"SearchAction","target":{"@type":"EntryPoint","urlTemplate":"https:\/\/enemalta.com.mt\/?s={search_term_string}"},"query-input":{"@type":"PropertyValueSpecification","valueRequired":true,"valueName":"search_term_string"}}],"inLanguage":"mt-MT"},{"@type":"Person","@id":"https:\/\/enemalta.com.mt\/#\/schema\/person\/8faf24aafbeff13465053c6047a53217","name":"Lorraine Gravino","image":{"@type":"ImageObject","inLanguage":"mt-MT","@id":"https:\/\/enemalta.com.mt\/#\/schema\/person\/image\/","url":"https:\/\/secure.gravatar.com\/avatar\/e3c4b8612154a970bcb219575336445386d613de0a8268018d7b8b837a0db10c?s=96&d=mm&r=g","contentUrl":"https:\/\/secure.gravatar.com\/avatar\/e3c4b8612154a970bcb219575336445386d613de0a8268018d7b8b837a0db10c?s=96&d=mm&r=g","caption":"Lorraine Gravino"},"url":"https:\/\/www.enemalta.com.mt\/mt\/author\/lorrainegravino\/"}]}},"_links":{"self":[{"href":"https:\/\/www.enemalta.com.mt\/mt\/wp-json\/wp\/v2\/posts\/16363","targetHints":{"allow":["GET"]}}],"collection":[{"href":"https:\/\/www.enemalta.com.mt\/mt\/wp-json\/wp\/v2\/posts"}],"about":[{"href":"https:\/\/www.enemalta.com.mt\/mt\/wp-json\/wp\/v2\/types\/post"}],"author":[{"embeddable":true,"href":"https:\/\/www.enemalta.com.mt\/mt\/wp-json\/wp\/v2\/users\/3"}],"replies":[{"embeddable":true,"href":"https:\/\/www.enemalta.com.mt\/mt\/wp-json\/wp\/v2\/comments?post=16363"}],"version-history":[{"count":3,"href":"https:\/\/www.enemalta.com.mt\/mt\/wp-json\/wp\/v2\/posts\/16363\/revisions"}],"predecessor-version":[{"id":19882,"href":"https:\/\/www.enemalta.com.mt\/mt\/wp-json\/wp\/v2\/posts\/16363\/revisions\/19882"}],"wp:featuredmedia":[{"embeddable":true,"href":"https:\/\/www.enemalta.com.mt\/mt\/wp-json\/wp\/v2\/media\/17761"}],"wp:attachment":[{"href":"https:\/\/www.enemalta.com.mt\/mt\/wp-json\/wp\/v2\/media?parent=16363"}],"wp:term":[{"taxonomy":"category","embeddable":true,"href":"https:\/\/www.enemalta.com.mt\/mt\/wp-json\/wp\/v2\/categories?post=16363"},{"taxonomy":"post_tag","embeddable":true,"href":"https:\/\/www.enemalta.com.mt\/mt\/wp-json\/wp\/v2\/tags?post=16363"}],"curies":[{"name":"wp","href":"https:\/\/api.w.org\/{rel}","templated":true}]}}